{"id":350,"date":"2026-01-19T23:23:17","date_gmt":"2026-01-19T23:23:17","guid":{"rendered":"https:\/\/europeanls.com\/eventos\/?p=350"},"modified":"2026-03-10T18:47:50","modified_gmt":"2026-03-10T18:47:50","slug":"el-mejor-hospedaje-para-la-copa-inter-atlas-fc-en-guadalajara","status":"publish","type":"post","link":"https:\/\/europeanls.com\/eventos\/index.php\/2026\/01\/19\/el-mejor-hospedaje-para-la-copa-inter-atlas-fc-en-guadalajara\/","title":{"rendered":"El Mejor Hospedaje para la Copa Inter Atlas FC en Guadalajara"},"content":{"rendered":"\r\n\r\n\r\n<div class=\"wp-block-buttons is-content-justification-center is-layout-flex wp-container-core-buttons-is-layout-16018d1d wp-block-buttons-is-layout-flex\">\r\n<div>\u00a0<\/div>\r\n<div class=\"wp-block-button\"><a class=\"wp-block-button__link has-text-align-center wp-element-button\" href=\"https:\/\/booking.roomcloud.net\/be\/se2\/hotel.jsp?curr=MXN&amp;lang=es&amp;shop=&amp;hotel=11461\" target=\"_blank\" rel=\"noopener\">Reservar ahora<\/a><\/div>\r\n<div>\r\n<p><strong>La Copa Inter Atlas FC\u00a0<\/strong>es un torneo de formaci\u00f3n juvenil, que se realizar\u00e1 en la<strong> Academia AGA<\/strong>, sede oficial de <strong>Atlas FC<\/strong>. Este complejo deportivo de alto nivel cuenta con instalaciones modernas y de clase mundial, dise\u00f1adas para el desarrollo de jugadores j\u00f3venes en distintas categor\u00edas.<\/p>\r\n<p>La academia AGA se ha consolidado como un referente en el desarrollo y preparaci\u00f3n de futbolistas, lo que posiciona a la Copa Inter Atlas FC como un evento que combina alto nivel competitivo y formaci\u00f3n deportiva. Durante el torneo, Guadalajara recibe equipos, entrenadores y familias que buscan una estancia c\u00f3moda y funcional.<\/p>\r\n<p><strong>European Life Style Executive Suites<\/strong> es una excelente opci\u00f3n para grupos y familias que visitan la ciudad por la Copa Inter Atlas FC.<\/p>\r\n<p><strong>FECHAS Y SEDE DEL EVENTO<\/strong><\/p>\r\n<p><strong>La Copa Inter Atlas FC<\/strong> se llevar\u00e1 a cabo del <strong>28 al 31 de mayo <\/strong>en la<strong> Academia AGA<\/strong>, una de las sedes deportivas m\u00e1s importantes de Guadalajara.<\/p>\r\n<p><strong>EUROPEAN LIFE STYLE EXECUTIVE SUITES<\/strong><\/p>\r\n<p>El hotel ofrece<strong> suites amplias de 1,2 y 3 rec\u00e1maras, con capacidad de hasta 6 personas,<\/strong> equipadas con sala, comedor y cocina. Estas caracter\u00edsticas las hacen ideales para equipos y familias que requieren espacio, funcionalidad y comodidad.<\/p>\r\n<p>Ubicado en una zona estrat\u00e9gica de la ciudad, el hotel permite una conectividad <strong>eficiente con las principales vialidades de Guadalajara,<\/strong> facilitando los traslados durante la estancia.<\/p>\r\n<p><strong>AMENIDADES Y SERVICIOS DEL HOTEL<\/strong><\/p>\r\n<p>-Alberca climatizada<\/p>\r\n<p>-Gimnasio<\/p>\r\n<p>-Wi-Fi<\/p>\r\n<p>-Estacionamiento<\/p>\r\n<p>-Restaurante<\/p>\r\n<p>-\u00c1reas comunes<\/p>\r\n<p>Pensadas para el descanso, la convivencia y la recuperaci\u00f3n despu\u00e9s de cada jornada deportiva.<\/p>\r\n<p><strong>TARIFAS PARA GRUPOS<\/strong><\/p>\r\n<p><strong>Si viajas en grupo, solicita nuestras tarifas especiales.\u00a0<\/strong><\/p>\r\n<p>Si asistes a la <strong>Copa Inter Atlas FC<\/strong>, hosp\u00e9date en European Life Style Executive Suites y elige un alojamiento con el confort y la ubicaci\u00f3n que grupos y familias necesitan en Guadalajara.<\/p>\r\n<p>&nbsp;<\/p>\r\n<\/div>\r\n<div>\r\n<p><a class=\"wp-block-button__link has-text-align-center wp-element-button\" href=\"https:\/\/booking.roomcloud.net\/be\/se2\/hotel.jsp?curr=MXN&amp;lang=es&amp;shop=&amp;hotel=11461\" target=\"_blank\" rel=\"noopener\">Reservar ahora<\/a><\/p>\r\n<\/div>\r\n<\/div>\r\n<p><!--more--><\/p>\r\n<p><!--more--><\/p>\r\n","protected":false},"excerpt":{"rendered":"","protected":false},"author":3,"featured_media":351,"comment_status":"open","ping_status":"open","sticky":false,"template":"","format":"standard","meta":{"footnotes":""},"categories":[1],"tags":[],"class_list":["post-350","post","type-post","status-publish","format-standard","has-post-thumbnail","hentry","category-uncategorized"],"_links":{"self":[{"href":"https:\/\/europeanls.com\/eventos\/index.php\/wp-json\/wp\/v2\/posts\/350","targetHints":{"allow":["GET"]}}],"collection":[{"href":"https:\/\/europeanls.com\/eventos\/index.php\/wp-json\/wp\/v2\/posts"}],"about":[{"href":"https:\/\/europeanls.com\/eventos\/index.php\/wp-json\/wp\/v2\/types\/post"}],"author":[{"embeddable":true,"href":"https:\/\/europeanls.com\/eventos\/index.php\/wp-json\/wp\/v2\/users\/3"}],"replies":[{"embeddable":true,"href":"https:\/\/europeanls.com\/eventos\/index.php\/wp-json\/wp\/v2\/comments?post=350"}],"version-history":[{"count":3,"href":"https:\/\/europeanls.com\/eventos\/index.php\/wp-json\/wp\/v2\/posts\/350\/revisions"}],"predecessor-version":[{"id":363,"href":"https:\/\/europeanls.com\/eventos\/index.php\/wp-json\/wp\/v2\/posts\/350\/revisions\/363"}],"wp:featuredmedia":[{"embeddable":true,"href":"https:\/\/europeanls.com\/eventos\/index.php\/wp-json\/wp\/v2\/media\/351"}],"wp:attachment":[{"href":"https:\/\/europeanls.com\/eventos\/index.php\/wp-json\/wp\/v2\/media?parent=350"}],"wp:term":[{"taxonomy":"category","embeddable":true,"href":"https:\/\/europeanls.com\/eventos\/index.php\/wp-json\/wp\/v2\/categories?post=350"},{"taxonomy":"post_tag","embeddable":true,"href":"https:\/\/europeanls.com\/eventos\/index.php\/wp-json\/wp\/v2\/tags?post=350"}],"curies":[{"name":"wp","href":"https:\/\/api.w.org\/{rel}","templated":true}]}}