{"id":331,"date":"2026-01-14T02:35:06","date_gmt":"2026-01-14T02:35:06","guid":{"rendered":"https:\/\/europeanls.com\/eventos\/?p=331"},"modified":"2026-01-14T02:35:06","modified_gmt":"2026-01-14T02:35:06","slug":"convencion-nacional-al-anon-y-alateen-en-guadalajara-hospedaje-ideal-cerca-de-expo-guadalajara","status":"publish","type":"post","link":"https:\/\/europeanls.com\/eventos\/index.php\/2026\/01\/14\/convencion-nacional-al-anon-y-alateen-en-guadalajara-hospedaje-ideal-cerca-de-expo-guadalajara\/","title":{"rendered":"Convenci\u00f3n Nacional Al-Anon y Alateen en Guadalajara: hospedaje ideal cerca de Expo Guadalajara"},"content":{"rendered":"\r\n\r\n\r\n<div class=\"wp-block-buttons is-content-justification-center is-layout-flex wp-container-core-buttons-is-layout-16018d1d wp-block-buttons-is-layout-flex\">\r\n<div>\u00a0<\/div>\r\n<div class=\"wp-block-button\"><a class=\"wp-block-button__link has-text-align-center wp-element-button\" href=\"https:\/\/booking.roomcloud.net\/be\/se2\/hotel.jsp?curr=MXN&amp;lang=es&amp;shop=&amp;hotel=11461\" target=\"_blank\" rel=\"noopener\">Reservar ahora<\/a><\/div>\r\n<div>\r\n<p>Del<strong> 30 de julio al 2 de agosto<\/strong>, Guadalajara ser\u00e1 sede de la <strong>10\u00aa convenci\u00f3n nacional de los grupos de familia al Al-Anon y Alateen<\/strong>, un encuentro que reunir\u00e1 a familias grupos y asistentes de distintas partes del pa\u00eds en <strong>Expo Guadalajara.<\/strong><\/p>\r\n<p><strong>\u00a0Al-ANON y ALATEEN<\/strong><\/p>\r\n<p><strong>Al-Anon y Alateen<\/strong>\u00a0son comunidades de apoyo dirigidas a <strong>familiares y j\u00f3venes<\/strong> <strong>que han sido afectados por el alcoholismo de un ser cercano.<\/strong> Durante la convenci\u00f3n, los asistentes participan en <strong>pl\u00e1ticas, talleres y espacios de convivencia,<\/strong> enfocados en el acompa\u00f1amiento, el crecimiento personal y el fortalecimiento de la comunidad.<\/p>\r\n<p>Para quienes viajan a este importante encuentro, <strong>elegir un hospedaje bien ubicado y con f\u00e1cil acceso a la sede del evento <\/strong>es fundamental para vivir la convenci\u00f3n con tranquilidad y sin traslados largos.<\/p>\r\n<p><strong>HOTEL EUROPEAN LIFE STYLE SUITES<\/strong><\/p>\r\n<p>El hotel se encuentra cerca de importantes zonas comerciales y gastron\u00f3micas como<strong> La Gran Plaza y Plaza Galer\u00edas Guadalajara<\/strong>, adem\u00e1s de una amplia variedad de restaurantes, cafeter\u00edas y servicios que facilitan el d\u00eda a d\u00eda durante la visita a la ciudad. Cuenta tambi\u00e9n con f\u00e1cil acceso a avenidas principales, lo que permite desplazarse c\u00f3modamente hacia distintos puntos de Guadalajara, como <strong>Expo Guadalajara.<\/strong><\/p>\r\n<p>Es ideal si viajas en<strong> familia, grupo o en pareja,<\/strong> ya que cuenta con <strong>suites amplias de 1,2 y 3 rec\u00e1maras con capacidad de hasta 6 personas<\/strong> pensadas para brindar comodidad y funcionalidad durante tu estancia.<\/p>\r\n<p>Entre sus <strong>amenidades y servicios<\/strong> los hu\u00e9spedes pueden disfrutar de <strong>alberca, gimnasio, \u00e1reas de convivencia, estacionamiento y Wi-Fi.\u00a0<\/strong><\/p>\r\n<p>Si asistir\u00e1s a la <strong>Convenci\u00f3n Nacional Al-Anon y Alateen en Guadalajara<\/strong>, hosp\u00e9date en el <strong>Hotel European Lifestyle Suites<\/strong> y disfruta de un alojamiento<strong> bien ubicado, con suites amplias y amenidades completas, <\/strong>ideal para familias, grupos y parejas.\u00a0<\/p>\r\n<\/div>\r\n<div>\r\n<p><a class=\"wp-block-button__link has-text-align-center wp-element-button\" href=\"https:\/\/booking.roomcloud.net\/be\/se2\/hotel.jsp?curr=MXN&amp;lang=es&amp;shop=&amp;hotel=11461\" target=\"_blank\" rel=\"noopener\">Reservar ahora<\/a><\/p>\r\n<\/div>\r\n<\/div>\r\n<p><!--more--><\/p>\r\n<p><!--more--><\/p>\r\n","protected":false},"excerpt":{"rendered":"","protected":false},"author":3,"featured_media":332,"comment_status":"open","ping_status":"open","sticky":false,"template":"","format":"standard","meta":{"footnotes":""},"categories":[1],"tags":[],"class_list":["post-331","post","type-post","status-publish","format-standard","has-post-thumbnail","hentry","category-uncategorized"],"_links":{"self":[{"href":"https:\/\/europeanls.com\/eventos\/index.php\/wp-json\/wp\/v2\/posts\/331","targetHints":{"allow":["GET"]}}],"collection":[{"href":"https:\/\/europeanls.com\/eventos\/index.php\/wp-json\/wp\/v2\/posts"}],"about":[{"href":"https:\/\/europeanls.com\/eventos\/index.php\/wp-json\/wp\/v2\/types\/post"}],"author":[{"embeddable":true,"href":"https:\/\/europeanls.com\/eventos\/index.php\/wp-json\/wp\/v2\/users\/3"}],"replies":[{"embeddable":true,"href":"https:\/\/europeanls.com\/eventos\/index.php\/wp-json\/wp\/v2\/comments?post=331"}],"version-history":[{"count":1,"href":"https:\/\/europeanls.com\/eventos\/index.php\/wp-json\/wp\/v2\/posts\/331\/revisions"}],"predecessor-version":[{"id":333,"href":"https:\/\/europeanls.com\/eventos\/index.php\/wp-json\/wp\/v2\/posts\/331\/revisions\/333"}],"wp:featuredmedia":[{"embeddable":true,"href":"https:\/\/europeanls.com\/eventos\/index.php\/wp-json\/wp\/v2\/media\/332"}],"wp:attachment":[{"href":"https:\/\/europeanls.com\/eventos\/index.php\/wp-json\/wp\/v2\/media?parent=331"}],"wp:term":[{"taxonomy":"category","embeddable":true,"href":"https:\/\/europeanls.com\/eventos\/index.php\/wp-json\/wp\/v2\/categories?post=331"},{"taxonomy":"post_tag","embeddable":true,"href":"https:\/\/europeanls.com\/eventos\/index.php\/wp-json\/wp\/v2\/tags?post=331"}],"curies":[{"name":"wp","href":"https:\/\/api.w.org\/{rel}","templated":true}]}}