{"id":153,"date":"2025-10-08T23:11:11","date_gmt":"2025-10-08T23:11:11","guid":{"rendered":"https:\/\/europeanls.com\/eventos\/?p=153"},"modified":"2025-10-10T20:22:09","modified_gmt":"2025-10-10T20:22:09","slug":"vive-la-fil-al-maximo-y-relajate-con-estilo-en-hotel-european-life-style-executive-suites","status":"publish","type":"post","link":"https:\/\/europeanls.com\/eventos\/index.php\/2025\/10\/08\/vive-la-fil-al-maximo-y-relajate-con-estilo-en-hotel-european-life-style-executive-suites\/","title":{"rendered":"Vive la FIL al m\u00e1ximo y rel\u00e1jate con estilo en Hotel European Life Style Executive Suites"},"content":{"rendered":"<div class=\"wp-block-image\">\r\n<figure class=\"aligncenter size-large is-resized\"><\/figure>\r\n<p><img loading=\"lazy\" decoding=\"async\" class=\"alignnone  wp-image-154 aligncenter\" src=\"https:\/\/europeanls.com\/eventos\/wp-content\/uploads\/2025\/10\/FIL-2025-300x120.jpeg\" alt=\"\" width=\"455\" height=\"182\" srcset=\"https:\/\/europeanls.com\/eventos\/wp-content\/uploads\/2025\/10\/FIL-2025-300x120.jpeg 300w, https:\/\/europeanls.com\/eventos\/wp-content\/uploads\/2025\/10\/FIL-2025.jpeg 451w\" sizes=\"auto, (max-width: 455px) 100vw, 455px\" \/><\/p>\r\n<\/div>\r\n<p>&nbsp;<\/p>\r\n\r\n<div class=\"wp-block-buttons is-content-justification-center is-layout-flex wp-container-core-buttons-is-layout-16018d1d wp-block-buttons-is-layout-flex\">\r\n<div class=\"wp-block-button\"><a class=\"wp-block-button__link has-text-align-center wp-element-button\" href=\"https:\/\/booking.roomcloud.net\/be\/se2\/hotel.jsp?curr=MXN&amp;lang=es&amp;shop=&amp;hotel=11461\" target=\"_blank\" rel=\"noopener\">Reservar ahora<\/a><\/div>\r\n<div>\u00a0<\/div>\r\n<div>Del <strong data-start=\"363\" data-end=\"408\">29 de noviembre al 7 de diciembre de 2025<\/strong>, <strong data-start=\"410\" data-end=\"430\">Expo Guadalajara<\/strong> ser\u00e1 el escenario de la <strong data-start=\"455\" data-end=\"494\">Feria Internacional del Libro (FIL)<\/strong>, el encuentro literario m\u00e1s importante y uno de los m\u00e1s reconocidos a nivel mundial. La <strong>FIL<\/strong> re\u00fane como cada a\u00f1o a <strong data-start=\"643\" data-end=\"710\">escritores reconocidos, principales editoriales, acad\u00e9micos y lectores<\/strong>, convirtiendo a la ciudad en el centro de atenci\u00f3n de la cultura, las letras y el conocimiento. La <strong>FIL<\/strong> es un espacio donde puedes encontrar una mezcla entre la literatura, la m\u00fasica, el arte, el cine, este a\u00f1o teniendo como invitado de honor a la ciudad de Barcelona. Si planeas asistir como expositor o visitante, elegir un hospedaje c\u00f3modo, bien ubicado y con servicios de calidad es esencial para aprovechar al m\u00e1ximo tu experiencia. Te recomendamos planear tu visita con tiempo, ya que hay una amplia agenda de actividades, conferencias y exhibiciones por recorrer.<\/div>\r\n<div>\u00a0<\/div>\r\n<\/div>\r\n<div><strong data-start=\"408\" data-end=\"428\">Expo Guadalajara<\/strong> es uno de los recintos m\u00e1s importantes y modernos de M\u00e9xico para grandes eventos, siendo <strong>La Feria Internacional del Libro (FIL)<\/strong><strong data-start=\"505\" data-end=\"536\">, <\/strong>uno de ellos. Ubicado en el coraz\u00f3n de la ciudad, es sede de ferias, exposiciones, congresos y convenciones nacionales e internacionales.<\/div>\r\n<p><strong>Hotel European Life Style Executive<\/strong> <strong>Suites<\/strong> se encuentra a s\u00f3lo 7 minutos de<strong data-start=\"358\" data-end=\"383\"> Expo Guadalajara,<\/strong>\u00a0en una zona segura, cercana a los mejores restaurantes y centros comerciales, en una de las mejores zonas de Guadalajara. Ubicado en una zona estrat\u00e9gica y con f\u00e1cil acceso a las principales v\u00edas de la ciudad.<\/p>\r\n\r\n\r\n\r\n\r\n\r\n<p>Ofrecemos suites amplias y confortables con 1, 2 y 3 rec\u00e1maras con capacidad hasta para 6 personas, todas nuestras suites cuentan con sala, comedor y cocina. Ofrecemos el servicio de estacionamiento gratuito, wifi de alta velocidad, gimnasio, alberca climatizada, restaurante, entre otros servicios.\u00a0<\/p>\r\n\r\n\r\n\r\n<p>Reserve su habitaci\u00f3n en\u00a0<strong>Hotel European Life Style Suites<\/strong>\u00a0y disfrute de un <strong>hospedaje<\/strong> \u00fanico durante su estancia en Guadalajara.<\/p>\r\n<p>&nbsp;<\/p>\r\n\r\n\r\n\r\n<div class=\"wp-block-buttons is-content-justification-center is-layout-flex wp-container-core-buttons-is-layout-16018d1d wp-block-buttons-is-layout-flex\">\r\n<div class=\"wp-block-button\"><a class=\"wp-block-button__link has-text-align-center wp-element-button\" href=\"https:\/\/booking.roomcloud.net\/be\/se2\/hotel.jsp?curr=MXN&amp;lang=es&amp;shop=&amp;hotel=11461\" target=\"_blank\" rel=\"noopener\">Reservar ahora <\/a><\/div>\r\n<\/div>\r\n","protected":false},"excerpt":{"rendered":"<p>&nbsp; Ofrecemos suites amplias y confortables con 1, 2 y 3 rec\u00e1maras con capacidad hasta para 6 personas, todas nuestras suites cuentan con sala, comedor&hellip;<\/p>\n","protected":false},"author":2,"featured_media":157,"comment_status":"open","ping_status":"open","sticky":false,"template":"","format":"standard","meta":{"footnotes":""},"categories":[1],"tags":[],"class_list":["post-153","post","type-post","status-publish","format-standard","has-post-thumbnail","hentry","category-uncategorized"],"_links":{"self":[{"href":"https:\/\/europeanls.com\/eventos\/index.php\/wp-json\/wp\/v2\/posts\/153","targetHints":{"allow":["GET"]}}],"collection":[{"href":"https:\/\/europeanls.com\/eventos\/index.php\/wp-json\/wp\/v2\/posts"}],"about":[{"href":"https:\/\/europeanls.com\/eventos\/index.php\/wp-json\/wp\/v2\/types\/post"}],"author":[{"embeddable":true,"href":"https:\/\/europeanls.com\/eventos\/index.php\/wp-json\/wp\/v2\/users\/2"}],"replies":[{"embeddable":true,"href":"https:\/\/europeanls.com\/eventos\/index.php\/wp-json\/wp\/v2\/comments?post=153"}],"version-history":[{"count":1,"href":"https:\/\/europeanls.com\/eventos\/index.php\/wp-json\/wp\/v2\/posts\/153\/revisions"}],"predecessor-version":[{"id":155,"href":"https:\/\/europeanls.com\/eventos\/index.php\/wp-json\/wp\/v2\/posts\/153\/revisions\/155"}],"wp:featuredmedia":[{"embeddable":true,"href":"https:\/\/europeanls.com\/eventos\/index.php\/wp-json\/wp\/v2\/media\/157"}],"wp:attachment":[{"href":"https:\/\/europeanls.com\/eventos\/index.php\/wp-json\/wp\/v2\/media?parent=153"}],"wp:term":[{"taxonomy":"category","embeddable":true,"href":"https:\/\/europeanls.com\/eventos\/index.php\/wp-json\/wp\/v2\/categories?post=153"},{"taxonomy":"post_tag","embeddable":true,"href":"https:\/\/europeanls.com\/eventos\/index.php\/wp-json\/wp\/v2\/tags?post=153"}],"curies":[{"name":"wp","href":"https:\/\/api.w.org\/{rel}","templated":true}]}}