{"id":136,"date":"2025-10-08T17:38:09","date_gmt":"2025-10-08T17:38:09","guid":{"rendered":"https:\/\/europeanls.com\/eventos\/?p=136"},"modified":"2025-10-10T21:55:29","modified_gmt":"2025-10-10T21:55:29","slug":"expo-transporte-anpact-2025-del-12-al-14-de-noviembre-hospedate-con-confort-y-estilo-en-hotel-european-life-style-executive-suites","status":"publish","type":"post","link":"https:\/\/europeanls.com\/eventos\/index.php\/2025\/10\/08\/expo-transporte-anpact-2025-del-12-al-14-de-noviembre-hospedate-con-confort-y-estilo-en-hotel-european-life-style-executive-suites\/","title":{"rendered":"Expo Transporte ANPACT 2025 del 12 al 14 de noviembre. Hosp\u00e9date con Confort y Estilo en Hotel European Life Style Executive Suites"},"content":{"rendered":"<div class=\"wp-block-image\">\r\n<figure class=\"aligncenter size-large is-resized\"><\/figure>\r\n<p><img loading=\"lazy\" decoding=\"async\" class=\"aligncenter wp-image-139 \" src=\"https:\/\/europeanls.com\/eventos\/wp-content\/uploads\/2025\/09\/EXPO-TRANSPORTE.jpeg\" alt=\"\" width=\"378\" height=\"213\" srcset=\"https:\/\/europeanls.com\/eventos\/wp-content\/uploads\/2025\/09\/EXPO-TRANSPORTE.jpeg 320w, https:\/\/europeanls.com\/eventos\/wp-content\/uploads\/2025\/09\/EXPO-TRANSPORTE-300x169.jpeg 300w\" sizes=\"auto, (max-width: 378px) 100vw, 378px\" \/><\/p>\r\n<\/div>\r\n<p>&nbsp;<\/p>\r\n\r\n<div class=\"wp-block-buttons is-content-justification-center is-layout-flex wp-container-core-buttons-is-layout-16018d1d wp-block-buttons-is-layout-flex\">\r\n<div class=\"wp-block-button\"><a class=\"wp-block-button__link has-text-align-center wp-element-button\" href=\"https:\/\/booking.roomcloud.net\/be\/se2\/hotel.jsp?curr=MXN&amp;lang=es&amp;shop=&amp;hotel=11461\" target=\"_blank\" rel=\"noopener\">Reservar ahora<\/a><\/div>\r\n<div>\u00a0<\/div>\r\n<div>Del <strong data-start=\"358\" data-end=\"383\">12 al 14 de noviembre en Expo Guadalajara<\/strong>, se llevar\u00e1 a cabo de uno de los eventos m\u00e1s importantes del sector automotriz y de transporte en Am\u00e9rica Latina: la <strong data-start=\"505\" data-end=\"536\">Expo Transporte ANPACT 2025, <\/strong>que atrae a miles de visitantes nacionales e internacionales, donde se re\u00fanen fabricantes, proveedores, empresarios y expertos del sector para mostrar las \u00faltimas innovaciones en tecnolog\u00eda, soluciones log\u00edsticas, veh\u00edculos pesados, autopartes, infraestructura y mucho m\u00e1s. Si planeas asistir como expositor o visitante, elegir un hospedaje c\u00f3modo, bien ubicado y con servicios de calidad es esencial para aprovechar al m\u00e1ximo tu experiencia. Te recomendamos planear tu visita con tiempo, ya que hay una amplia agenda de actividades, conferencias y exhibiciones por recorrer.<\/div>\r\n<div>\u00a0<\/div>\r\n<\/div>\r\n<div><strong data-start=\"408\" data-end=\"428\">Expo Guadalajara<\/strong> es uno de los recintos m\u00e1s importantes y modernos de M\u00e9xico para grandes eventos, siendo <strong data-start=\"505\" data-end=\"536\">Expo Transporte ANPACT <\/strong>uno de ellos. Ubicado en el coraz\u00f3n de la ciudad, es sede de ferias, exposiciones, congresos y convenciones nacionales e internacionales.<\/div>\r\n<p><strong>Hotel European Life Style Executive<\/strong> <strong>Suites<\/strong> se encuentra a s\u00f3lo 7 minutos de<strong data-start=\"358\" data-end=\"383\"> Expo Guadalajara,<\/strong>\u00a0en una zona segura, cercana a los mejores restaurantes y centros comerciales, en una de las mejores zonas de Guadalajara. Ubicado en una zona estrat\u00e9gica y con f\u00e1cil acceso a las principales v\u00edas de la ciudad.<\/p>\r\n\r\n\r\n\r\n\r\n\r\n<p>Ofrecemos suites amplias y confortables con 1, 2 y 3 rec\u00e1maras con capacidad hasta para 6 personas, todas nuestras suites cuentan con sala, comedor y cocina. Ofrecemos el servicio de estacionamiento gratuito, wifi de alta velocidad, gimnasio, alberca climatizada, restaurante, entre otros servicios.\u00a0<\/p>\r\n\r\n\r\n\r\n<p>Reserve su habitaci\u00f3n en\u00a0<strong>Hotel European Life Style Suites<\/strong>\u00a0y disfrute de un <strong>hospedaje<\/strong> \u00fanico durante su estancia en Guadalajara.<\/p>\r\n<p>&nbsp;<\/p>\r\n\r\n\r\n\r\n<div class=\"wp-block-buttons is-content-justification-center is-layout-flex wp-container-core-buttons-is-layout-16018d1d wp-block-buttons-is-layout-flex\">\r\n<div class=\"wp-block-button\"><a class=\"wp-block-button__link has-text-align-center wp-element-button\" href=\"https:\/\/booking.roomcloud.net\/be\/se2\/hotel.jsp?curr=MXN&amp;lang=es&amp;shop=&amp;hotel=11461\" target=\"_blank\" rel=\"noopener\">Reservar ahora <\/a><\/div>\r\n<\/div>\r\n","protected":false},"excerpt":{"rendered":"<p>&nbsp; Ofrecemos suites amplias y confortables con 1, 2 y 3 rec\u00e1maras con capacidad hasta para 6 personas, todas nuestras suites cuentan con sala, comedor&hellip;<\/p>\n","protected":false},"author":2,"featured_media":139,"comment_status":"open","ping_status":"open","sticky":false,"template":"","format":"standard","meta":{"footnotes":""},"categories":[1],"tags":[],"class_list":["post-136","post","type-post","status-publish","format-standard","has-post-thumbnail","hentry","category-uncategorized"],"_links":{"self":[{"href":"https:\/\/europeanls.com\/eventos\/index.php\/wp-json\/wp\/v2\/posts\/136","targetHints":{"allow":["GET"]}}],"collection":[{"href":"https:\/\/europeanls.com\/eventos\/index.php\/wp-json\/wp\/v2\/posts"}],"about":[{"href":"https:\/\/europeanls.com\/eventos\/index.php\/wp-json\/wp\/v2\/types\/post"}],"author":[{"embeddable":true,"href":"https:\/\/europeanls.com\/eventos\/index.php\/wp-json\/wp\/v2\/users\/2"}],"replies":[{"embeddable":true,"href":"https:\/\/europeanls.com\/eventos\/index.php\/wp-json\/wp\/v2\/comments?post=136"}],"version-history":[{"count":4,"href":"https:\/\/europeanls.com\/eventos\/index.php\/wp-json\/wp\/v2\/posts\/136\/revisions"}],"predecessor-version":[{"id":145,"href":"https:\/\/europeanls.com\/eventos\/index.php\/wp-json\/wp\/v2\/posts\/136\/revisions\/145"}],"wp:featuredmedia":[{"embeddable":true,"href":"https:\/\/europeanls.com\/eventos\/index.php\/wp-json\/wp\/v2\/media\/139"}],"wp:attachment":[{"href":"https:\/\/europeanls.com\/eventos\/index.php\/wp-json\/wp\/v2\/media?parent=136"}],"wp:term":[{"taxonomy":"category","embeddable":true,"href":"https:\/\/europeanls.com\/eventos\/index.php\/wp-json\/wp\/v2\/categories?post=136"},{"taxonomy":"post_tag","embeddable":true,"href":"https:\/\/europeanls.com\/eventos\/index.php\/wp-json\/wp\/v2\/tags?post=136"}],"curies":[{"name":"wp","href":"https:\/\/api.w.org\/{rel}","templated":true}]}}